{"id":237,"date":"2021-09-05T12:03:03","date_gmt":"2021-09-05T10:03:03","guid":{"rendered":"https:\/\/laserkit.fr\/blog\/?p=237"},"modified":"2026-01-19T10:40:05","modified_gmt":"2026-01-19T09:40:05","slug":"motifs-pour-tole-perforee","status":"publish","type":"post","link":"https:\/\/laserkit.fr\/blog\/motifs-pour-tole-perforee\/","title":{"rendered":"Quels motifs choisir pour sa t\u00f4le perfor\u00e9e ?"},"content":{"rendered":"<p>La<a href=\"https:\/\/laserkit.fr\/3-decoupe-tole\"> t\u00f4le perfor\u00e9e \u00e0 motifs<\/a> est utilis\u00e9e aussi bien par des professionnels que par des particuliers. Comme elle peut \u00eatre utilis\u00e9e dans de nombreux cas, il peut \u00eatre difficile de <strong>choisir le bon motif pour sa t\u00f4le perfor\u00e9e<\/strong>. Bien qu\u2019il n\u2019existe pas de r\u00e8gle clairement d\u00e9finie en mati\u00e8re de design, voici quelques pistes pour vous aider dans le choix de votre motif.<\/p>\n<div id=\"ez-toc-container\" class=\"ez-toc-v2_0_66_1 counter-hierarchy ez-toc-counter ez-toc-grey ez-toc-container-direction\">\n<p class=\"ez-toc-title\">Sommaire<\/p>\n<label for=\"ez-toc-cssicon-toggle-item-69f28c305c3a5\" class=\"ez-toc-cssicon-toggle-label\"><span class=\"\"><span class=\"eztoc-hide\" style=\"display:none;\">Toggle<\/span><span class=\"ez-toc-icon-toggle-span\"><svg style=\"fill: #999;color:#999\" xmlns=\"http:\/\/www.w3.org\/2000\/svg\" class=\"list-377408\" width=\"20px\" height=\"20px\" viewBox=\"0 0 24 24\" fill=\"none\"><path d=\"M6 6H4v2h2V6zm14 0H8v2h12V6zM4 11h2v2H4v-2zm16 0H8v2h12v-2zM4 16h2v2H4v-2zm16 0H8v2h12v-2z\" fill=\"currentColor\"><\/path><\/svg><svg style=\"fill: #999;color:#999\" class=\"arrow-unsorted-368013\" xmlns=\"http:\/\/www.w3.org\/2000\/svg\" width=\"10px\" height=\"10px\" viewBox=\"0 0 24 24\" version=\"1.2\" baseProfile=\"tiny\"><path d=\"M18.2 9.3l-6.2-6.3-6.2 6.3c-.2.2-.3.4-.3.7s.1.5.3.7c.2.2.4.3.7.3h11c.3 0 .5-.1.7-.3.2-.2.3-.5.3-.7s-.1-.5-.3-.7zM5.8 14.7l6.2 6.3 6.2-6.3c.2-.2.3-.5.3-.7s-.1-.5-.3-.7c-.2-.2-.4-.3-.7-.3h-11c-.3 0-.5.1-.7.3-.2.2-.3.5-.3.7s.1.5.3.7z\"\/><\/svg><\/span><\/span><\/label><input type=\"checkbox\"  id=\"ez-toc-cssicon-toggle-item-69f28c305c3a5\"  aria-label=\"Toggle\" \/><nav><ul class='ez-toc-list ez-toc-list-level-1 ' ><li class='ez-toc-page-1 ez-toc-heading-level-2'><a class=\"ez-toc-link ez-toc-heading-1\" href=\"https:\/\/laserkit.fr\/blog\/motifs-pour-tole-perforee\/#Quel-est-lusage-de-la-tole-perforee\" title=\"Quel est l\u2019usage de la t\u00f4le perfor\u00e9e ?\">Quel est l\u2019usage de la t\u00f4le perfor\u00e9e ?<\/a><\/li><li class='ez-toc-page-1 ez-toc-heading-level-2'><a class=\"ez-toc-link ez-toc-heading-2\" href=\"https:\/\/laserkit.fr\/blog\/motifs-pour-tole-perforee\/#Les-differents-motifs-de-toles-perforees\" title=\"Les diff\u00e9rents motifs de t\u00f4les perfor\u00e9es\">Les diff\u00e9rents motifs de t\u00f4les perfor\u00e9es<\/a><ul class='ez-toc-list-level-3' ><li class='ez-toc-heading-level-3'><a class=\"ez-toc-link ez-toc-heading-3\" href=\"https:\/\/laserkit.fr\/blog\/motifs-pour-tole-perforee\/#Tole-perforee-motif-vegetal\" title=\"T\u00f4le perfor\u00e9e : motif v\u00e9g\u00e9tal\">T\u00f4le perfor\u00e9e : motif v\u00e9g\u00e9tal<\/a><\/li><li class='ez-toc-page-1 ez-toc-heading-level-3'><a class=\"ez-toc-link ez-toc-heading-4\" href=\"https:\/\/laserkit.fr\/blog\/motifs-pour-tole-perforee\/#Tole-perforee-motif-geometrique\" title=\"T\u00f4le perfor\u00e9e : motif g\u00e9om\u00e9trique\">T\u00f4le perfor\u00e9e : motif g\u00e9om\u00e9trique<\/a><\/li><\/ul><\/li><li class='ez-toc-page-1 ez-toc-heading-level-2'><a class=\"ez-toc-link ez-toc-heading-5\" href=\"https:\/\/laserkit.fr\/blog\/motifs-pour-tole-perforee\/#Les-points-a-verifier\" title=\"Les points \u00e0 v\u00e9rifier\">Les points \u00e0 v\u00e9rifier<\/a><\/li><\/ul><\/nav><\/div>\n<h2 id=\"quel-est-lusage-de-la-t\u00f4le-perfor\u00e9e-\"><span class=\"ez-toc-section\" id=\"Quel-est-lusage-de-la-tole-perforee\"><\/span>Quel est l\u2019usage de la t\u00f4le perfor\u00e9e ?<span class=\"ez-toc-section-end\"><\/span><\/h2>\n<p>De mani\u00e8re g\u00e9n\u00e9rale, la t\u00f4le perfor\u00e9e a plut\u00f4t un int\u00e9r\u00eat d\u00e9coratif. Puisqu\u2019elle pr\u00e9sente des perforations, la multitude de trous peut laisser passer la lumi\u00e8re naturelle comme artificielle. Aussi, on utilise cette t\u00f4le pour les <strong>garde-corps design<\/strong>, les claustras et autres panneaux d\u00e9coratifs, mais \u00e9galement pour les cl\u00f4tures et portails.<\/p>\n<p>Ainsi, il faudra tout d\u2019abord d\u00e9finir le niveau d\u2019opacit\u00e9 de votre t\u00f4le perfor\u00e9e. Elle peut \u00eatre plus ou moins occultante en fonction du motif que vous allez choisir. Si la t\u00f4le sert \u00e0 briser la vue ou \u00e0 pr\u00e9server l\u2019intimit\u00e9, on s\u2019orientera vers un motif avec peu de perforations. Au contraire, si le but est exclusivement esth\u00e9tique, des <strong>motifs modernes<\/strong> avec davantage de trous seront certainement plus appropri\u00e9s.<\/p>\n<h2 id=\"les-diff\u00e9rents-motifs-de-t\u00f4les-perfor\u00e9es\"><span class=\"ez-toc-section\" id=\"Les-differents-motifs-de-toles-perforees\"><\/span>Les diff\u00e9rents motifs de t\u00f4les perfor\u00e9es<span class=\"ez-toc-section-end\"><\/span><\/h2>\n<p>Il existe une grande vari\u00e9t\u00e9 de designs diff\u00e9rents que vous pouvez utiliser pour vos plaques d\u2019acier perfor\u00e9es. Pour faire votre choix, le plus simple reste de consulter directement les dessins propos\u00e9s. Si une t\u00f4le \u00e0 motif vous int\u00e9resse, n\u2019h\u00e9sitez pas \u00e0 jeter un \u0153il au catalogue Laserkit pour d\u00e9couvrir toute notre gamme de produits m\u00e9talliques.<\/p>\n<p style=\"text-align: center;\"><a class=\"btn btn-warning\" href=\"https:\/\/laserkit.fr\/tole-decorative\/motifs-tole-decorative.html\">Large gamme de t\u00f4les \u00e0 motifs<\/a><\/p>\n<h3 id=\"t\u00f4le-perfor\u00e9e--motif-v\u00e9g\u00e9tal\"><span class=\"ez-toc-section\" id=\"Tole-perforee-motif-vegetal\"><\/span>T\u00f4le perfor\u00e9e : motif v\u00e9g\u00e9tal<span class=\"ez-toc-section-end\"><\/span><\/h3>\n<p>Parmi les motifs les plus fr\u00e9quemment utilis\u00e9s en mati\u00e8re de t\u00f4le perfor\u00e9e, on retrouve le <strong>th\u00e8me de la v\u00e9g\u00e9tation<\/strong>. Ces motifs peuvent par exemple repr\u00e9senter des feuilles, la ramification d\u2019une plante ou d\u2019un arbre ou encore des fleurs particuli\u00e8res.<\/p>\n<p>Ce type de motif s\u2019adapte aussi bien \u00e0 l\u2019int\u00e9rieur d\u2019une habitation qu\u2019\u00e0 l\u2019ext\u00e9rieur. La <a href=\"https:\/\/laserkit.fr\/tole-decorative\/motif-vegetal.html\">t\u00f4le perfor\u00e9e aux motifs v\u00e9g\u00e9taux<\/a> peut faire un subtil rappel de vos espaces verts gr\u00e2ce au parement qui la compose : floraisons, feuillages.<\/p>\n<p>Exemple d\u2019utilisation : une <strong>t\u00f4le perfor\u00e9e \u00e0 motif v\u00e9g\u00e9tal<\/strong> sera parfaite pour une cl\u00f4ture m\u00e9tallique, un claustra ou un garde-corps.<\/p>\n<p><img loading=\"lazy\" decoding=\"async\" class=\"alignnone size-full wp-image-239\" src=\"https:\/\/laserkit.fr\/blog\/wp-content\/uploads\/2021\/09\/tole-motif-vegetal.jpg\" alt=\"tole motif vegetal\" width=\"1200\" height=\"900\" srcset=\"https:\/\/laserkit.fr\/blog\/wp-content\/uploads\/2021\/09\/tole-motif-vegetal.jpg 1200w, https:\/\/laserkit.fr\/blog\/wp-content\/uploads\/2021\/09\/tole-motif-vegetal-300x225.jpg 300w, https:\/\/laserkit.fr\/blog\/wp-content\/uploads\/2021\/09\/tole-motif-vegetal-1024x768.jpg 1024w, https:\/\/laserkit.fr\/blog\/wp-content\/uploads\/2021\/09\/tole-motif-vegetal-768x576.jpg 768w, https:\/\/laserkit.fr\/blog\/wp-content\/uploads\/2021\/09\/tole-motif-vegetal-900x675.jpg 900w, https:\/\/laserkit.fr\/blog\/wp-content\/uploads\/2021\/09\/tole-motif-vegetal-400x300.jpg 400w\" sizes=\"auto, (max-width: 1200px) 100vw, 1200px\" \/><\/p>\n<h3 id=\"t\u00f4le-perfor\u00e9e--motif-g\u00e9om\u00e9trique\"><span class=\"ez-toc-section\" id=\"Tole-perforee-motif-geometrique\"><\/span>T\u00f4le perfor\u00e9e : motif g\u00e9om\u00e9trique<span class=\"ez-toc-section-end\"><\/span><\/h3>\n<p>Que seraient les t\u00f4les perfor\u00e9es sans les <a href=\"https:\/\/laserkit.fr\/tole-decorative\/motif-geometrique.html\">motifs g\u00e9om\u00e9triques<\/a> ? Ce sont certainement les motifs que l\u2019on retrouve le plus souvent. Ils \u00e9quipent la plupart du temps des b\u00e2timents publics (mus\u00e9es, gares, mairies, etc.), des fa\u00e7ades, ou encore des garde-corps de balcon ou de terrasse.<\/p>\n<p>Les <strong>t\u00f4les g\u00e9om\u00e9triques<\/strong> comportent la plupart du temps des ronds, des carr\u00e9s ou des rectangles. La t\u00f4le perfor\u00e9e \u00e0 motifs peut \u00eatre obtenue gr\u00e2ce \u00e0 une machine de perforation, de poin\u00e7onnage ou de d\u00e9coupage gr\u00e2ce au proc\u00e9d\u00e9 de <strong>d\u00e9coupe laser<\/strong>.<\/p>\n<p>Exemple d\u2019utilisation : une grille de protection ou un garde-corps en acier \u00e9quip\u00e9 d\u2019un <strong>remplissage en t\u00f4le perfor\u00e9e<\/strong>.<\/p>\n<p><img loading=\"lazy\" decoding=\"async\" class=\"alignnone size-full wp-image-238\" src=\"https:\/\/laserkit.fr\/blog\/wp-content\/uploads\/2021\/09\/grille-de-defense-tole-perforee.jpg\" alt=\"grille de d\u00e9fense tole perfor\u00e9e\" width=\"1098\" height=\"733\" srcset=\"https:\/\/laserkit.fr\/blog\/wp-content\/uploads\/2021\/09\/grille-de-defense-tole-perforee.jpg 1098w, https:\/\/laserkit.fr\/blog\/wp-content\/uploads\/2021\/09\/grille-de-defense-tole-perforee-300x200.jpg 300w, https:\/\/laserkit.fr\/blog\/wp-content\/uploads\/2021\/09\/grille-de-defense-tole-perforee-1024x684.jpg 1024w, https:\/\/laserkit.fr\/blog\/wp-content\/uploads\/2021\/09\/grille-de-defense-tole-perforee-768x513.jpg 768w, https:\/\/laserkit.fr\/blog\/wp-content\/uploads\/2021\/09\/grille-de-defense-tole-perforee-900x601.jpg 900w, https:\/\/laserkit.fr\/blog\/wp-content\/uploads\/2021\/09\/grille-de-defense-tole-perforee-400x267.jpg 400w, https:\/\/laserkit.fr\/blog\/wp-content\/uploads\/2021\/09\/grille-de-defense-tole-perforee-360x240.jpg 360w\" sizes=\"auto, (max-width: 1098px) 100vw, 1098px\" \/><\/p>\n<h2 id=\"les-points-\u00e0-v\u00e9rifier\"><span class=\"ez-toc-section\" id=\"Les-points-a-verifier\"><\/span>Les points \u00e0 v\u00e9rifier<span class=\"ez-toc-section-end\"><\/span><\/h2>\n<p>Vous pouvez choisir n\u2019importe quel motif pour votre t\u00f4le, du moment que le motif se marie avec le style que vous souhaitez donner \u00e0 votre habitation. Toutefois, il faudra tout de m\u00eame vous assurer que la t\u00f4le perfor\u00e9e soit adapt\u00e9e \u00e0 l\u2019environnement d\u2019installation. Par exemple, install\u00e9e en ext\u00e9rieur, elle devra \u00eatre <strong>r\u00e9sistante \u00e0 la corrosion et \u00e0 la rouille<\/strong>. Pour cela, on choisira une t\u00f4le en acier inoxydable (inox 316L), une t\u00f4le galvanis\u00e9e ou en acier thermolaqu\u00e9, ou bien encore des t\u00f4les d\u2019aluminium anodis\u00e9.<\/p>\n<p>L\u2019\u00e9paisseur de la t\u00f4le est \u00e9galement importante. Pour l\u2019installation d\u2019\u00e9quipements de s\u00e9curit\u00e9, il faudra s\u2019assurer de la robustesse de la <strong>plaque perfor\u00e9e<\/strong> : portail coulissant, garde-fou, etc. Pour une t\u00f4le d\u00e9corative, vous pouvez choisir une plaque de t\u00f4le plus fine avec des finitions d\u00e9taill\u00e9es.<\/p>\n<p style=\"text-align: center;\"><a class=\"btn btn-warning\" href=\"https:\/\/laserkit.fr\/tole-decorative\/motifs-tole-decorative.html\">Tous les motifs de t\u00f4le perfor\u00e9e<\/a><\/p>\n","protected":false},"excerpt":{"rendered":"<p>La t\u00f4le perfor\u00e9e \u00e0 motifs est utilis\u00e9e aussi bien par des professionnels que par des particuliers. Comme elle peut \u00eatre utilis\u00e9e dans de nombreux cas, il peut \u00eatre difficile de choisir le bon motif pour sa t\u00f4le perfor\u00e9e. Bien qu\u2019il n\u2019existe pas de r\u00e8gle clairement d\u00e9finie en mati\u00e8re de design, voici quelques pistes pour vous &hellip; <\/p>\n","protected":false},"author":4,"featured_media":241,"comment_status":"open","ping_status":"open","sticky":false,"template":"","format":"standard","meta":{"footnotes":""},"categories":[11],"tags":[],"class_list":["post-237","post","type-post","status-publish","format-standard","has-post-thumbnail","hentry","category-decoupe-laser-tole"],"yoast_head":"<!-- This site is optimized with the Yoast SEO plugin v22.8 - https:\/\/yoast.com\/wordpress\/plugins\/seo\/ -->\n<title>T\u00f4le perfor\u00e9e : comment choisir ses motifs ? - Laserkit \u00ae<\/title>\n<meta name=\"description\" content=\"La t\u00f4le perfor\u00e9e peut arborer de nombreux motifs : v\u00e9g\u00e9taux, ronds... Voici quelques conseils pour bien choisir le motif de votre t\u00f4le !\" \/>\n<meta name=\"robots\" content=\"index, follow, max-snippet:-1, max-image-preview:large, max-video-preview:-1\" \/>\n<link rel=\"canonical\" href=\"https:\/\/laserkit.fr\/blog\/motifs-pour-tole-perforee\/\" \/>\n<meta property=\"og:locale\" content=\"fr_FR\" \/>\n<meta property=\"og:type\" content=\"article\" \/>\n<meta property=\"og:title\" content=\"T\u00f4le perfor\u00e9e : comment choisir ses motifs ? - Laserkit \u00ae\" \/>\n<meta property=\"og:description\" content=\"La t\u00f4le perfor\u00e9e peut arborer de nombreux motifs : v\u00e9g\u00e9taux, ronds... Voici quelques conseils pour bien choisir le motif de votre t\u00f4le !\" \/>\n<meta property=\"og:url\" content=\"https:\/\/laserkit.fr\/blog\/motifs-pour-tole-perforee\/\" \/>\n<meta property=\"og:site_name\" content=\"Laserkit\" \/>\n<meta property=\"article:published_time\" content=\"2021-09-05T10:03:03+00:00\" \/>\n<meta property=\"article:modified_time\" content=\"2026-01-19T09:40:05+00:00\" \/>\n<meta property=\"og:image\" content=\"https:\/\/laserkit.fr\/blog\/wp-content\/uploads\/2021\/09\/tole-perforee-motifs.jpg\" \/>\n\t<meta property=\"og:image:width\" content=\"1200\" \/>\n\t<meta property=\"og:image:height\" content=\"800\" \/>\n\t<meta property=\"og:image:type\" content=\"image\/jpeg\" \/>\n<meta name=\"author\" content=\"Melody DOUX\" \/>\n<meta name=\"twitter:card\" content=\"summary_large_image\" \/>\n<meta name=\"twitter:label1\" content=\"\u00c9crit par\" \/>\n\t<meta name=\"twitter:data1\" content=\"Melody DOUX\" \/>\n\t<meta name=\"twitter:label2\" content=\"Dur\u00e9e de lecture estim\u00e9e\" \/>\n\t<meta name=\"twitter:data2\" content=\"4 minutes\" \/>\n<script type=\"application\/ld+json\" class=\"yoast-schema-graph\">{\"@context\":\"https:\/\/schema.org\",\"@graph\":[{\"@type\":\"Article\",\"@id\":\"https:\/\/laserkit.fr\/blog\/motifs-pour-tole-perforee\/#article\",\"isPartOf\":{\"@id\":\"https:\/\/laserkit.fr\/blog\/motifs-pour-tole-perforee\/\"},\"author\":{\"name\":\"Melody DOUX\",\"@id\":\"https:\/\/laserkit.fr\/blog\/#\/schema\/person\/958ad01810c0a9b6baa81a62b363e05f\"},\"headline\":\"Quels motifs choisir pour sa t\u00f4le perfor\u00e9e ?\",\"datePublished\":\"2021-09-05T10:03:03+00:00\",\"dateModified\":\"2026-01-19T09:40:05+00:00\",\"mainEntityOfPage\":{\"@id\":\"https:\/\/laserkit.fr\/blog\/motifs-pour-tole-perforee\/\"},\"wordCount\":735,\"commentCount\":0,\"publisher\":{\"@id\":\"https:\/\/laserkit.fr\/blog\/#organization\"},\"image\":{\"@id\":\"https:\/\/laserkit.fr\/blog\/motifs-pour-tole-perforee\/#primaryimage\"},\"thumbnailUrl\":\"https:\/\/laserkit.fr\/blog\/wp-content\/uploads\/2021\/09\/tole-perforee-motifs.jpg\",\"articleSection\":[\"T\u00f4le\"],\"inLanguage\":\"fr-FR\",\"potentialAction\":[{\"@type\":\"CommentAction\",\"name\":\"Comment\",\"target\":[\"https:\/\/laserkit.fr\/blog\/motifs-pour-tole-perforee\/#respond\"]}]},{\"@type\":\"WebPage\",\"@id\":\"https:\/\/laserkit.fr\/blog\/motifs-pour-tole-perforee\/\",\"url\":\"https:\/\/laserkit.fr\/blog\/motifs-pour-tole-perforee\/\",\"name\":\"T\u00f4le perfor\u00e9e : comment choisir ses motifs ? - Laserkit \u00ae\",\"isPartOf\":{\"@id\":\"https:\/\/laserkit.fr\/blog\/#website\"},\"primaryImageOfPage\":{\"@id\":\"https:\/\/laserkit.fr\/blog\/motifs-pour-tole-perforee\/#primaryimage\"},\"image\":{\"@id\":\"https:\/\/laserkit.fr\/blog\/motifs-pour-tole-perforee\/#primaryimage\"},\"thumbnailUrl\":\"https:\/\/laserkit.fr\/blog\/wp-content\/uploads\/2021\/09\/tole-perforee-motifs.jpg\",\"datePublished\":\"2021-09-05T10:03:03+00:00\",\"dateModified\":\"2026-01-19T09:40:05+00:00\",\"description\":\"La t\u00f4le perfor\u00e9e peut arborer de nombreux motifs : v\u00e9g\u00e9taux, ronds... Voici quelques conseils pour bien choisir le motif de votre t\u00f4le !\",\"breadcrumb\":{\"@id\":\"https:\/\/laserkit.fr\/blog\/motifs-pour-tole-perforee\/#breadcrumb\"},\"inLanguage\":\"fr-FR\",\"potentialAction\":[{\"@type\":\"ReadAction\",\"target\":[\"https:\/\/laserkit.fr\/blog\/motifs-pour-tole-perforee\/\"]}]},{\"@type\":\"ImageObject\",\"inLanguage\":\"fr-FR\",\"@id\":\"https:\/\/laserkit.fr\/blog\/motifs-pour-tole-perforee\/#primaryimage\",\"url\":\"https:\/\/laserkit.fr\/blog\/wp-content\/uploads\/2021\/09\/tole-perforee-motifs.jpg\",\"contentUrl\":\"https:\/\/laserkit.fr\/blog\/wp-content\/uploads\/2021\/09\/tole-perforee-motifs.jpg\",\"width\":1200,\"height\":800,\"caption\":\"tole perforee motifs\"},{\"@type\":\"BreadcrumbList\",\"@id\":\"https:\/\/laserkit.fr\/blog\/motifs-pour-tole-perforee\/#breadcrumb\",\"itemListElement\":[{\"@type\":\"ListItem\",\"position\":1,\"name\":\"Accueil\",\"item\":\"https:\/\/laserkit.fr\/blog\/\"},{\"@type\":\"ListItem\",\"position\":2,\"name\":\"Quels motifs choisir pour sa t\u00f4le perfor\u00e9e ?\"}]},{\"@type\":\"WebSite\",\"@id\":\"https:\/\/laserkit.fr\/blog\/#website\",\"url\":\"https:\/\/laserkit.fr\/blog\/\",\"name\":\"Laserkit\",\"description\":\"D\u00e9coupe laser\",\"publisher\":{\"@id\":\"https:\/\/laserkit.fr\/blog\/#organization\"},\"potentialAction\":[{\"@type\":\"SearchAction\",\"target\":{\"@type\":\"EntryPoint\",\"urlTemplate\":\"https:\/\/laserkit.fr\/blog\/?s={search_term_string}\"},\"query-input\":\"required name=search_term_string\"}],\"inLanguage\":\"fr-FR\"},{\"@type\":\"Organization\",\"@id\":\"https:\/\/laserkit.fr\/blog\/#organization\",\"name\":\"Laserkit\",\"url\":\"https:\/\/laserkit.fr\/blog\/\",\"logo\":{\"@type\":\"ImageObject\",\"inLanguage\":\"fr-FR\",\"@id\":\"https:\/\/laserkit.fr\/blog\/#\/schema\/logo\/image\/\",\"url\":\"https:\/\/laserkit.fr\/blog\/wp-content\/uploads\/2021\/07\/logo-laserkit-2.png\",\"contentUrl\":\"https:\/\/laserkit.fr\/blog\/wp-content\/uploads\/2021\/07\/logo-laserkit-2.png\",\"width\":236,\"height\":40,\"caption\":\"Laserkit\"},\"image\":{\"@id\":\"https:\/\/laserkit.fr\/blog\/#\/schema\/logo\/image\/\"}},{\"@type\":\"Person\",\"@id\":\"https:\/\/laserkit.fr\/blog\/#\/schema\/person\/958ad01810c0a9b6baa81a62b363e05f\",\"name\":\"Melody DOUX\",\"image\":{\"@type\":\"ImageObject\",\"inLanguage\":\"fr-FR\",\"@id\":\"https:\/\/laserkit.fr\/blog\/#\/schema\/person\/image\/\",\"url\":\"https:\/\/secure.gravatar.com\/avatar\/b722a60c8f2b2a66f468b54357b19ab3cd3b5d32fe4cae5d756e835316286ad9?s=96&d=mm&r=g\",\"contentUrl\":\"https:\/\/secure.gravatar.com\/avatar\/b722a60c8f2b2a66f468b54357b19ab3cd3b5d32fe4cae5d756e835316286ad9?s=96&d=mm&r=g\",\"caption\":\"Melody DOUX\"}}]}<\/script>\n<!-- \/ Yoast SEO plugin. -->","yoast_head_json":{"title":"T\u00f4le perfor\u00e9e : comment choisir ses motifs ? - Laserkit \u00ae","description":"La t\u00f4le perfor\u00e9e peut arborer de nombreux motifs : v\u00e9g\u00e9taux, ronds... Voici quelques conseils pour bien choisir le motif de votre t\u00f4le !","robots":{"index":"index","follow":"follow","max-snippet":"max-snippet:-1","max-image-preview":"max-image-preview:large","max-video-preview":"max-video-preview:-1"},"canonical":"https:\/\/laserkit.fr\/blog\/motifs-pour-tole-perforee\/","og_locale":"fr_FR","og_type":"article","og_title":"T\u00f4le perfor\u00e9e : comment choisir ses motifs ? - Laserkit \u00ae","og_description":"La t\u00f4le perfor\u00e9e peut arborer de nombreux motifs : v\u00e9g\u00e9taux, ronds... Voici quelques conseils pour bien choisir le motif de votre t\u00f4le !","og_url":"https:\/\/laserkit.fr\/blog\/motifs-pour-tole-perforee\/","og_site_name":"Laserkit","article_published_time":"2021-09-05T10:03:03+00:00","article_modified_time":"2026-01-19T09:40:05+00:00","og_image":[{"width":1200,"height":800,"url":"https:\/\/laserkit.fr\/blog\/wp-content\/uploads\/2021\/09\/tole-perforee-motifs.jpg","type":"image\/jpeg"}],"author":"Melody DOUX","twitter_card":"summary_large_image","twitter_misc":{"\u00c9crit par":"Melody DOUX","Dur\u00e9e de lecture estim\u00e9e":"4 minutes"},"schema":{"@context":"https:\/\/schema.org","@graph":[{"@type":"Article","@id":"https:\/\/laserkit.fr\/blog\/motifs-pour-tole-perforee\/#article","isPartOf":{"@id":"https:\/\/laserkit.fr\/blog\/motifs-pour-tole-perforee\/"},"author":{"name":"Melody DOUX","@id":"https:\/\/laserkit.fr\/blog\/#\/schema\/person\/958ad01810c0a9b6baa81a62b363e05f"},"headline":"Quels motifs choisir pour sa t\u00f4le perfor\u00e9e ?","datePublished":"2021-09-05T10:03:03+00:00","dateModified":"2026-01-19T09:40:05+00:00","mainEntityOfPage":{"@id":"https:\/\/laserkit.fr\/blog\/motifs-pour-tole-perforee\/"},"wordCount":735,"commentCount":0,"publisher":{"@id":"https:\/\/laserkit.fr\/blog\/#organization"},"image":{"@id":"https:\/\/laserkit.fr\/blog\/motifs-pour-tole-perforee\/#primaryimage"},"thumbnailUrl":"https:\/\/laserkit.fr\/blog\/wp-content\/uploads\/2021\/09\/tole-perforee-motifs.jpg","articleSection":["T\u00f4le"],"inLanguage":"fr-FR","potentialAction":[{"@type":"CommentAction","name":"Comment","target":["https:\/\/laserkit.fr\/blog\/motifs-pour-tole-perforee\/#respond"]}]},{"@type":"WebPage","@id":"https:\/\/laserkit.fr\/blog\/motifs-pour-tole-perforee\/","url":"https:\/\/laserkit.fr\/blog\/motifs-pour-tole-perforee\/","name":"T\u00f4le perfor\u00e9e : comment choisir ses motifs ? - Laserkit \u00ae","isPartOf":{"@id":"https:\/\/laserkit.fr\/blog\/#website"},"primaryImageOfPage":{"@id":"https:\/\/laserkit.fr\/blog\/motifs-pour-tole-perforee\/#primaryimage"},"image":{"@id":"https:\/\/laserkit.fr\/blog\/motifs-pour-tole-perforee\/#primaryimage"},"thumbnailUrl":"https:\/\/laserkit.fr\/blog\/wp-content\/uploads\/2021\/09\/tole-perforee-motifs.jpg","datePublished":"2021-09-05T10:03:03+00:00","dateModified":"2026-01-19T09:40:05+00:00","description":"La t\u00f4le perfor\u00e9e peut arborer de nombreux motifs : v\u00e9g\u00e9taux, ronds... Voici quelques conseils pour bien choisir le motif de votre t\u00f4le !","breadcrumb":{"@id":"https:\/\/laserkit.fr\/blog\/motifs-pour-tole-perforee\/#breadcrumb"},"inLanguage":"fr-FR","potentialAction":[{"@type":"ReadAction","target":["https:\/\/laserkit.fr\/blog\/motifs-pour-tole-perforee\/"]}]},{"@type":"ImageObject","inLanguage":"fr-FR","@id":"https:\/\/laserkit.fr\/blog\/motifs-pour-tole-perforee\/#primaryimage","url":"https:\/\/laserkit.fr\/blog\/wp-content\/uploads\/2021\/09\/tole-perforee-motifs.jpg","contentUrl":"https:\/\/laserkit.fr\/blog\/wp-content\/uploads\/2021\/09\/tole-perforee-motifs.jpg","width":1200,"height":800,"caption":"tole perforee motifs"},{"@type":"BreadcrumbList","@id":"https:\/\/laserkit.fr\/blog\/motifs-pour-tole-perforee\/#breadcrumb","itemListElement":[{"@type":"ListItem","position":1,"name":"Accueil","item":"https:\/\/laserkit.fr\/blog\/"},{"@type":"ListItem","position":2,"name":"Quels motifs choisir pour sa t\u00f4le perfor\u00e9e ?"}]},{"@type":"WebSite","@id":"https:\/\/laserkit.fr\/blog\/#website","url":"https:\/\/laserkit.fr\/blog\/","name":"Laserkit","description":"D\u00e9coupe laser","publisher":{"@id":"https:\/\/laserkit.fr\/blog\/#organization"},"potentialAction":[{"@type":"SearchAction","target":{"@type":"EntryPoint","urlTemplate":"https:\/\/laserkit.fr\/blog\/?s={search_term_string}"},"query-input":"required name=search_term_string"}],"inLanguage":"fr-FR"},{"@type":"Organization","@id":"https:\/\/laserkit.fr\/blog\/#organization","name":"Laserkit","url":"https:\/\/laserkit.fr\/blog\/","logo":{"@type":"ImageObject","inLanguage":"fr-FR","@id":"https:\/\/laserkit.fr\/blog\/#\/schema\/logo\/image\/","url":"https:\/\/laserkit.fr\/blog\/wp-content\/uploads\/2021\/07\/logo-laserkit-2.png","contentUrl":"https:\/\/laserkit.fr\/blog\/wp-content\/uploads\/2021\/07\/logo-laserkit-2.png","width":236,"height":40,"caption":"Laserkit"},"image":{"@id":"https:\/\/laserkit.fr\/blog\/#\/schema\/logo\/image\/"}},{"@type":"Person","@id":"https:\/\/laserkit.fr\/blog\/#\/schema\/person\/958ad01810c0a9b6baa81a62b363e05f","name":"Melody DOUX","image":{"@type":"ImageObject","inLanguage":"fr-FR","@id":"https:\/\/laserkit.fr\/blog\/#\/schema\/person\/image\/","url":"https:\/\/secure.gravatar.com\/avatar\/b722a60c8f2b2a66f468b54357b19ab3cd3b5d32fe4cae5d756e835316286ad9?s=96&d=mm&r=g","contentUrl":"https:\/\/secure.gravatar.com\/avatar\/b722a60c8f2b2a66f468b54357b19ab3cd3b5d32fe4cae5d756e835316286ad9?s=96&d=mm&r=g","caption":"Melody DOUX"}}]}},"_links":{"self":[{"href":"https:\/\/laserkit.fr\/blog\/wp-json\/wp\/v2\/posts\/237","targetHints":{"allow":["GET"]}}],"collection":[{"href":"https:\/\/laserkit.fr\/blog\/wp-json\/wp\/v2\/posts"}],"about":[{"href":"https:\/\/laserkit.fr\/blog\/wp-json\/wp\/v2\/types\/post"}],"author":[{"embeddable":true,"href":"https:\/\/laserkit.fr\/blog\/wp-json\/wp\/v2\/users\/4"}],"replies":[{"embeddable":true,"href":"https:\/\/laserkit.fr\/blog\/wp-json\/wp\/v2\/comments?post=237"}],"version-history":[{"count":4,"href":"https:\/\/laserkit.fr\/blog\/wp-json\/wp\/v2\/posts\/237\/revisions"}],"predecessor-version":[{"id":1887,"href":"https:\/\/laserkit.fr\/blog\/wp-json\/wp\/v2\/posts\/237\/revisions\/1887"}],"wp:featuredmedia":[{"embeddable":true,"href":"https:\/\/laserkit.fr\/blog\/wp-json\/wp\/v2\/media\/241"}],"wp:attachment":[{"href":"https:\/\/laserkit.fr\/blog\/wp-json\/wp\/v2\/media?parent=237"}],"wp:term":[{"taxonomy":"category","embeddable":true,"href":"https:\/\/laserkit.fr\/blog\/wp-json\/wp\/v2\/categories?post=237"},{"taxonomy":"post_tag","embeddable":true,"href":"https:\/\/laserkit.fr\/blog\/wp-json\/wp\/v2\/tags?post=237"}],"curies":[{"name":"wp","href":"https:\/\/api.w.org\/{rel}","templated":true}]}}